{"id":63644,"date":"2025-05-26T06:55:48","date_gmt":"2025-05-26T06:55:48","guid":{"rendered":"https:\/\/ovlac.com\/?p=63644"},"modified":"2025-07-21T08:34:51","modified_gmt":"2025-07-21T08:34:51","slug":"ovlac-en-demoagro-2025-tecnologia-presencia-y-conexion-directa-con-el-agricultor","status":"publish","type":"post","link":"https:\/\/ovlac.com\/de\/actualidad\/ovlac-en-demoagro-2025-tecnologia-presencia-y-conexion-directa-con-el-agricultor\/","title":{"rendered":"Ovlac auf der Demoagro 2025: Technologie, Pr\u00e4senz und direkter Kontakt zum Landwirt"},"content":{"rendered":"<p>[et_pb_section fb_built=&#8220;1&#8243; _builder_version=&#8220;4.27.2&#8243; _module_preset=&#8220;default&#8220; custom_padding=&#8220;21px|||||&#8220; global_colors_info=&#8220;{}&#8220;][et_pb_row _builder_version=&#8220;4.27.2&#8243; _module_preset=&#8220;default&#8220; custom_margin=&#8220;-34px|auto||auto||&#8220; global_colors_info=&#8220;{}&#8220;][et_pb_column type=&#8220;4_4&#8243; _builder_version=&#8220;4.27.2&#8243; _module_preset=&#8220;default&#8220; global_colors_info=&#8220;{}&#8220;][et_pb_text _builder_version=&#8220;4.27.4&#8243; _module_preset=&#8220;default&#8220; global_colors_info=&#8220;{}&#8220;]<\/p>\n<p>Ovlac hat seine Teilnahme mit einer \u00e4u\u00dferst positiven Bilanz abgeschlossen und seine Stellung als nationaler Ma\u00dfstab im Bereich der Bodenbearbeitungsmaschinen gefestigt.<\/p>\n<p>Vom 20. bis 22. Mai pr\u00e4sentierte sich die Marke auf dem Stand S7 mit \u00fcber 8.500 m\u00b2, wo dynamische Vorf\u00fchrungen unter realen Bedingungen mit einer technischen statischen Ausstellung kombiniert wurden, die einen tiefen Einblick in die fortschrittlichsten L\u00f6sungen des Herstellers aus Palencia bot.<\/p>\n<p><strong>Innovation in Aktion: Ovlac-Maschinen unter realen Feldbedingungen<\/strong><\/p>\n<p>Im dynamischen Bereich konnten die Leistungsf\u00e4higkeit und Effizienz von Ger\u00e4ten beobachtet werden, die f\u00fcr unterschiedlichste agronomische Anforderungen entwickelt wurden: XLander GC (10 m) und der angeh\u00e4ngte Versatill f\u00fcr die vertikale Bodenbearbeitung, anpassbar an verschiedene Bodenschonungsstrategien. Der Maxidisc II, Ovlacs f\u00fchrende Schnellgrubber mit 24-Zoll-Scheiben und V-Profile-Walze, \u00fcberzeugte durch seine Schneidkraft und Nivellierungsqualit\u00e4t. Der XPFV-OL, ein angebauter Pflug mit Monoblockachse und Scherbolzensicherung, zeigte seine Einsatzm\u00f6glichkeiten sowohl im als auch au\u00dferhalb der Furche.<\/p>\n<p>Im statischen Bereich konnten die Besucher Modelle wie den XP HV-OL (Pflug mit hydraulischer Steinsicherung), den Mini-NH (f\u00fcr flache Bodenbearbeitung) und den neuen Eurodisc II (f\u00fcr flache, schnell ausgef\u00fchrte Arbeiten) sowie die Vi\u00f1a-Reihe, bestehend aus dem MiniVid Pro und dem Minichisel Vi\u00f1a, genauer unter die Lupe nehmen. Ihr kompaktes Design und die spezielle Eignung f\u00fcr den Weinbau wurden von Fachleuten, Genossenschaften und Technikern des Weinsektors besonders gesch\u00e4tzt.<\/p>\n<p>Die Zuverl\u00e4ssigkeit, Kompatibilit\u00e4t und das Ansehen der Ovlac-Ger\u00e4te wurden erneut durch ihre Einbindung in die Vorf\u00fchrungen f\u00fchrender Traktormarken wie Fendt, Massey Ferguson, New Holland und Claas unterstrichen, die Ovlac-Ger\u00e4te in ihren Tests einsetzten.<\/p>\n<p>Die aktive Beteiligung des offiziellen Ovlac-H\u00e4ndlernetzes trug dazu bei, die technische Betreuung auf der Messe zu verst\u00e4rken und den Besuchern den Mehrwert eines nahen, qualifizierten und auf die Bed\u00fcrfnisse des modernen Landwirts ausgerichteten Services zu vermitteln.<\/p>\n<p><strong>Direkter Draht zur Branche<\/strong><\/p>\n<p>Demoagro 2025 war zudem ein Forum, um direkt die Anliegen des Agrarsektors kennenzulernen, strategische Kontakte zu kn\u00fcpfen und Eindr\u00fccke vom Einsatz der Maschinen im Feld zu sammeln.<\/p>\n<p>Ovlac bekr\u00e4ftigt damit sein Engagement f\u00fcr technische Innovation, operative Exzellenz und die N\u00e4he zum landwirtschaftlichen Fachpublikum \u2013 Grundpfeiler, auf denen die Marke weiterhin aufbauen wird, um eine produktivere, nachhaltigere und technologisch fortschrittlichere Landwirtschaft zu f\u00f6rdern.<\/p>\n<p>&nbsp;<\/p>\n<p>[\/et_pb_text][\/et_pb_column][\/et_pb_row][et_pb_row column_structure=&#8220;1_2,1_2&#8243; _builder_version=&#8220;4.27.3&#8243; _module_preset=&#8220;default&#8220; global_colors_info=&#8220;{}&#8220;][et_pb_column type=&#8220;1_2&#8243; _builder_version=&#8220;4.27.3&#8243; _module_preset=&#8220;default&#8220; global_colors_info=&#8220;{}&#8220;][et_pb_image src=&#8220;https:\/\/ovlac.com\/wp-content\/uploads\/2025\/07\/Ovlac-Demoagro25-2-scaled-1.jpg&#8220; alt=&#8220;Ovlac y Optimon presentan en Bata Agro 2025 las soluciones m\u00e1s eficientes para el trabajo del suelo&#8220; title_text=&#8220;Ovlac-Demoagro25-2-scaled&#8220; _builder_version=&#8220;4.27.4&#8243; _module_preset=&#8220;default&#8220; hover_enabled=&#8220;0&#8243; global_colors_info=&#8220;{}&#8220; sticky_enabled=&#8220;0&#8243;][\/et_pb_image][\/et_pb_column][et_pb_column type=&#8220;1_2&#8243; _builder_version=&#8220;4.27.3&#8243; _module_preset=&#8220;default&#8220; global_colors_info=&#8220;{}&#8220;][et_pb_image src=&#8220;https:\/\/ovlac.com\/wp-content\/uploads\/2025\/05\/Ovlac-Demoagro25-1-scaled.webp&#8220; alt=&#8220;Ovlac y Optimon presentan en Bata Agro 2025 las soluciones m\u00e1s eficientes para el trabajo del suelo&#8220; title_text=&#8220;Ovlac-Demoagro25-1&#8243; _builder_version=&#8220;4.27.4&#8243; _module_preset=&#8220;default&#8220; global_colors_info=&#8220;{}&#8220;][\/et_pb_image][\/et_pb_column][\/et_pb_row][\/et_pb_section]<\/p>\n","protected":false},"excerpt":{"rendered":"<p>Ovlac hat seine Teilnahme mit einer \u00e4u\u00dferst positiven Bilanz abgeschlossen und seine Stellung als nationaler Ma\u00dfstab im Bereich der Bodenbearbeitungsmaschinen gefestigt. Vom 20. bis 22. Mai pr\u00e4sentierte sich die Marke [&hellip;]<\/p>\n","protected":false},"author":200,"featured_media":63626,"comment_status":"closed","ping_status":"closed","sticky":false,"template":"","format":"standard","meta":{"_et_pb_use_builder":"on","_et_pb_old_content":"","_et_gb_content_width":"","footnotes":""},"categories":[1],"tags":[],"class_list":["post-63644","post","type-post","status-publish","format-standard","has-post-thumbnail","hentry","category-actualidad"],"yoast_head":"<!-- This site is optimized with the Yoast SEO plugin v24.8.1 - https:\/\/yoast.com\/wordpress\/plugins\/seo\/ -->\n<title>Ovlac auf der Demoagro 2025: Technologie, Pr\u00e4senz und direkter Kontakt zum Landwirt - Ovlac<\/title>\n<meta name=\"robots\" content=\"index, follow, max-snippet:-1, max-image-preview:large, max-video-preview:-1\" \/>\n<link rel=\"canonical\" href=\"https:\/\/ovlac.com\/actualidad\/ovlac-en-demoagro-2025-tecnologia-presencia-y-conexion-directa-con-el-agricultor\/\" \/>\n<meta property=\"og:locale\" content=\"de_DE\" \/>\n<meta property=\"og:type\" content=\"article\" \/>\n<meta property=\"og:title\" content=\"Ovlac auf der Demoagro 2025: Technologie, Pr\u00e4senz und direkter Kontakt zum Landwirt - Ovlac\" \/>\n<meta property=\"og:description\" content=\"Ovlac hat seine Teilnahme mit einer \u00e4u\u00dferst positiven Bilanz abgeschlossen und seine Stellung als nationaler Ma\u00dfstab im Bereich der Bodenbearbeitungsmaschinen gefestigt. Vom 20. bis 22. Mai pr\u00e4sentierte sich die Marke [&hellip;]\" \/>\n<meta property=\"og:url\" content=\"https:\/\/ovlac.com\/actualidad\/ovlac-en-demoagro-2025-tecnologia-presencia-y-conexion-directa-con-el-agricultor\/\" \/>\n<meta property=\"og:site_name\" content=\"Ovlac\" \/>\n<meta property=\"article:published_time\" content=\"2025-05-26T06:55:48+00:00\" \/>\n<meta property=\"article:modified_time\" content=\"2025-07-21T08:34:51+00:00\" \/>\n<meta property=\"og:image\" content=\"https:\/\/ovlac.com\/wp-content\/uploads\/2025\/05\/OVLAC_DEMOAGRO-scaled.webp\" \/>\n\t<meta property=\"og:image:width\" content=\"2560\" \/>\n\t<meta property=\"og:image:height\" content=\"1440\" \/>\n\t<meta property=\"og:image:type\" content=\"image\/jpeg\" \/>\n<meta name=\"author\" content=\"Gema Velasco\" \/>\n<meta name=\"twitter:card\" content=\"summary_large_image\" \/>\n<meta name=\"twitter:label1\" content=\"Verfasst von\" \/>\n\t<meta name=\"twitter:data1\" content=\"Gema Velasco\" \/>\n\t<meta name=\"twitter:label2\" content=\"Gesch\u00e4tzte Lesezeit\" \/>\n\t<meta name=\"twitter:data2\" content=\"2\u00a0Minuten\" \/>\n<script type=\"application\/ld+json\" class=\"yoast-schema-graph\">{\"@context\":\"https:\/\/schema.org\",\"@graph\":[{\"@type\":\"WebPage\",\"@id\":\"https:\/\/ovlac.com\/actualidad\/ovlac-en-demoagro-2025-tecnologia-presencia-y-conexion-directa-con-el-agricultor\/\",\"url\":\"https:\/\/ovlac.com\/actualidad\/ovlac-en-demoagro-2025-tecnologia-presencia-y-conexion-directa-con-el-agricultor\/\",\"name\":\"Ovlac auf der Demoagro 2025: Technologie, Pr\u00e4senz und direkter Kontakt zum Landwirt - Ovlac\",\"isPartOf\":{\"@id\":\"https:\/\/ovlac.com\/#website\"},\"primaryImageOfPage\":{\"@id\":\"https:\/\/ovlac.com\/actualidad\/ovlac-en-demoagro-2025-tecnologia-presencia-y-conexion-directa-con-el-agricultor\/#primaryimage\"},\"image\":{\"@id\":\"https:\/\/ovlac.com\/actualidad\/ovlac-en-demoagro-2025-tecnologia-presencia-y-conexion-directa-con-el-agricultor\/#primaryimage\"},\"thumbnailUrl\":\"https:\/\/ovlac.com\/wp-content\/uploads\/2025\/05\/OVLAC_DEMOAGRO-scaled.webp\",\"datePublished\":\"2025-05-26T06:55:48+00:00\",\"dateModified\":\"2025-07-21T08:34:51+00:00\",\"author\":{\"@id\":\"https:\/\/ovlac.com\/#\/schema\/person\/9f38f1b48a3a9e170c85101d67bc8067\"},\"breadcrumb\":{\"@id\":\"https:\/\/ovlac.com\/actualidad\/ovlac-en-demoagro-2025-tecnologia-presencia-y-conexion-directa-con-el-agricultor\/#breadcrumb\"},\"inLanguage\":\"de\",\"potentialAction\":[{\"@type\":\"ReadAction\",\"target\":[\"https:\/\/ovlac.com\/actualidad\/ovlac-en-demoagro-2025-tecnologia-presencia-y-conexion-directa-con-el-agricultor\/\"]}]},{\"@type\":\"ImageObject\",\"inLanguage\":\"de\",\"@id\":\"https:\/\/ovlac.com\/actualidad\/ovlac-en-demoagro-2025-tecnologia-presencia-y-conexion-directa-con-el-agricultor\/#primaryimage\",\"url\":\"https:\/\/ovlac.com\/wp-content\/uploads\/2025\/05\/OVLAC_DEMOAGRO-scaled.webp\",\"contentUrl\":\"https:\/\/ovlac.com\/wp-content\/uploads\/2025\/05\/OVLAC_DEMOAGRO-scaled.webp\",\"width\":2560,\"height\":1440},{\"@type\":\"BreadcrumbList\",\"@id\":\"https:\/\/ovlac.com\/actualidad\/ovlac-en-demoagro-2025-tecnologia-presencia-y-conexion-directa-con-el-agricultor\/#breadcrumb\",\"itemListElement\":[{\"@type\":\"ListItem\",\"position\":1,\"name\":\"Portada\",\"item\":\"https:\/\/ovlac.com\/de\/\"},{\"@type\":\"ListItem\",\"position\":2,\"name\":\"Ovlac auf der Demoagro 2025: Technologie, Pr\u00e4senz und direkter Kontakt zum Landwirt\"}]},{\"@type\":\"WebSite\",\"@id\":\"https:\/\/ovlac.com\/#website\",\"url\":\"https:\/\/ovlac.com\/\",\"name\":\"Ovlac\",\"description\":\"OVLAC\",\"potentialAction\":[{\"@type\":\"SearchAction\",\"target\":{\"@type\":\"EntryPoint\",\"urlTemplate\":\"https:\/\/ovlac.com\/?s={search_term_string}\"},\"query-input\":{\"@type\":\"PropertyValueSpecification\",\"valueRequired\":true,\"valueName\":\"search_term_string\"}}],\"inLanguage\":\"de\"},{\"@type\":\"Person\",\"@id\":\"https:\/\/ovlac.com\/#\/schema\/person\/9f38f1b48a3a9e170c85101d67bc8067\",\"name\":\"Gema Velasco\",\"image\":{\"@type\":\"ImageObject\",\"inLanguage\":\"de\",\"@id\":\"https:\/\/ovlac.com\/#\/schema\/person\/image\/\",\"url\":\"https:\/\/secure.gravatar.com\/avatar\/589c4994b3330e491c4c18f502a18a28?s=96&d=mm&r=g\",\"contentUrl\":\"https:\/\/secure.gravatar.com\/avatar\/589c4994b3330e491c4c18f502a18a28?s=96&d=mm&r=g\",\"caption\":\"Gema Velasco\"},\"url\":\"https:\/\/ovlac.com\/de\/author\/gema\/\"}]}<\/script>\n<!-- \/ Yoast SEO plugin. -->","yoast_head_json":{"title":"Ovlac auf der Demoagro 2025: Technologie, Pr\u00e4senz und direkter Kontakt zum Landwirt - Ovlac","robots":{"index":"index","follow":"follow","max-snippet":"max-snippet:-1","max-image-preview":"max-image-preview:large","max-video-preview":"max-video-preview:-1"},"canonical":"https:\/\/ovlac.com\/actualidad\/ovlac-en-demoagro-2025-tecnologia-presencia-y-conexion-directa-con-el-agricultor\/","og_locale":"de_DE","og_type":"article","og_title":"Ovlac auf der Demoagro 2025: Technologie, Pr\u00e4senz und direkter Kontakt zum Landwirt - Ovlac","og_description":"Ovlac hat seine Teilnahme mit einer \u00e4u\u00dferst positiven Bilanz abgeschlossen und seine Stellung als nationaler Ma\u00dfstab im Bereich der Bodenbearbeitungsmaschinen gefestigt. Vom 20. bis 22. Mai pr\u00e4sentierte sich die Marke [&hellip;]","og_url":"https:\/\/ovlac.com\/actualidad\/ovlac-en-demoagro-2025-tecnologia-presencia-y-conexion-directa-con-el-agricultor\/","og_site_name":"Ovlac","article_published_time":"2025-05-26T06:55:48+00:00","article_modified_time":"2025-07-21T08:34:51+00:00","og_image":[{"width":2560,"height":1440,"url":"https:\/\/ovlac.com\/wp-content\/uploads\/2025\/05\/OVLAC_DEMOAGRO-scaled.webp","type":"image\/jpeg"}],"author":"Gema Velasco","twitter_card":"summary_large_image","twitter_misc":{"Verfasst von":"Gema Velasco","Gesch\u00e4tzte Lesezeit":"2\u00a0Minuten"},"schema":{"@context":"https:\/\/schema.org","@graph":[{"@type":"WebPage","@id":"https:\/\/ovlac.com\/actualidad\/ovlac-en-demoagro-2025-tecnologia-presencia-y-conexion-directa-con-el-agricultor\/","url":"https:\/\/ovlac.com\/actualidad\/ovlac-en-demoagro-2025-tecnologia-presencia-y-conexion-directa-con-el-agricultor\/","name":"Ovlac auf der Demoagro 2025: Technologie, Pr\u00e4senz und direkter Kontakt zum Landwirt - Ovlac","isPartOf":{"@id":"https:\/\/ovlac.com\/#website"},"primaryImageOfPage":{"@id":"https:\/\/ovlac.com\/actualidad\/ovlac-en-demoagro-2025-tecnologia-presencia-y-conexion-directa-con-el-agricultor\/#primaryimage"},"image":{"@id":"https:\/\/ovlac.com\/actualidad\/ovlac-en-demoagro-2025-tecnologia-presencia-y-conexion-directa-con-el-agricultor\/#primaryimage"},"thumbnailUrl":"https:\/\/ovlac.com\/wp-content\/uploads\/2025\/05\/OVLAC_DEMOAGRO-scaled.webp","datePublished":"2025-05-26T06:55:48+00:00","dateModified":"2025-07-21T08:34:51+00:00","author":{"@id":"https:\/\/ovlac.com\/#\/schema\/person\/9f38f1b48a3a9e170c85101d67bc8067"},"breadcrumb":{"@id":"https:\/\/ovlac.com\/actualidad\/ovlac-en-demoagro-2025-tecnologia-presencia-y-conexion-directa-con-el-agricultor\/#breadcrumb"},"inLanguage":"de","potentialAction":[{"@type":"ReadAction","target":["https:\/\/ovlac.com\/actualidad\/ovlac-en-demoagro-2025-tecnologia-presencia-y-conexion-directa-con-el-agricultor\/"]}]},{"@type":"ImageObject","inLanguage":"de","@id":"https:\/\/ovlac.com\/actualidad\/ovlac-en-demoagro-2025-tecnologia-presencia-y-conexion-directa-con-el-agricultor\/#primaryimage","url":"https:\/\/ovlac.com\/wp-content\/uploads\/2025\/05\/OVLAC_DEMOAGRO-scaled.webp","contentUrl":"https:\/\/ovlac.com\/wp-content\/uploads\/2025\/05\/OVLAC_DEMOAGRO-scaled.webp","width":2560,"height":1440},{"@type":"BreadcrumbList","@id":"https:\/\/ovlac.com\/actualidad\/ovlac-en-demoagro-2025-tecnologia-presencia-y-conexion-directa-con-el-agricultor\/#breadcrumb","itemListElement":[{"@type":"ListItem","position":1,"name":"Portada","item":"https:\/\/ovlac.com\/de\/"},{"@type":"ListItem","position":2,"name":"Ovlac auf der Demoagro 2025: Technologie, Pr\u00e4senz und direkter Kontakt zum Landwirt"}]},{"@type":"WebSite","@id":"https:\/\/ovlac.com\/#website","url":"https:\/\/ovlac.com\/","name":"Ovlac","description":"OVLAC","potentialAction":[{"@type":"SearchAction","target":{"@type":"EntryPoint","urlTemplate":"https:\/\/ovlac.com\/?s={search_term_string}"},"query-input":{"@type":"PropertyValueSpecification","valueRequired":true,"valueName":"search_term_string"}}],"inLanguage":"de"},{"@type":"Person","@id":"https:\/\/ovlac.com\/#\/schema\/person\/9f38f1b48a3a9e170c85101d67bc8067","name":"Gema Velasco","image":{"@type":"ImageObject","inLanguage":"de","@id":"https:\/\/ovlac.com\/#\/schema\/person\/image\/","url":"https:\/\/secure.gravatar.com\/avatar\/589c4994b3330e491c4c18f502a18a28?s=96&d=mm&r=g","contentUrl":"https:\/\/secure.gravatar.com\/avatar\/589c4994b3330e491c4c18f502a18a28?s=96&d=mm&r=g","caption":"Gema Velasco"},"url":"https:\/\/ovlac.com\/de\/author\/gema\/"}]}},"_links":{"self":[{"href":"https:\/\/ovlac.com\/de\/wp-json\/wp\/v2\/posts\/63644","targetHints":{"allow":["GET"]}}],"collection":[{"href":"https:\/\/ovlac.com\/de\/wp-json\/wp\/v2\/posts"}],"about":[{"href":"https:\/\/ovlac.com\/de\/wp-json\/wp\/v2\/types\/post"}],"author":[{"embeddable":true,"href":"https:\/\/ovlac.com\/de\/wp-json\/wp\/v2\/users\/200"}],"replies":[{"embeddable":true,"href":"https:\/\/ovlac.com\/de\/wp-json\/wp\/v2\/comments?post=63644"}],"version-history":[{"count":3,"href":"https:\/\/ovlac.com\/de\/wp-json\/wp\/v2\/posts\/63644\/revisions"}],"predecessor-version":[{"id":63961,"href":"https:\/\/ovlac.com\/de\/wp-json\/wp\/v2\/posts\/63644\/revisions\/63961"}],"wp:featuredmedia":[{"embeddable":true,"href":"https:\/\/ovlac.com\/de\/wp-json\/wp\/v2\/media\/63626"}],"wp:attachment":[{"href":"https:\/\/ovlac.com\/de\/wp-json\/wp\/v2\/media?parent=63644"}],"wp:term":[{"taxonomy":"category","embeddable":true,"href":"https:\/\/ovlac.com\/de\/wp-json\/wp\/v2\/categories?post=63644"},{"taxonomy":"post_tag","embeddable":true,"href":"https:\/\/ovlac.com\/de\/wp-json\/wp\/v2\/tags?post=63644"}],"curies":[{"name":"wp","href":"https:\/\/api.w.org\/{rel}","templated":true}]}}